{"id":3053,"date":"2020-12-08T18:46:15","date_gmt":"2020-12-08T17:46:15","guid":{"rendered":"http:\/\/melbusystems.no\/?p=3053"},"modified":"2020-12-08T18:46:16","modified_gmt":"2020-12-08T17:46:16","slug":"info-rundt-covid-19-ansatte-i-arbeid","status":"publish","type":"post","link":"https:\/\/melbusystems.no\/en\/info-rundt-covid-19-ansatte-i-arbeid\/","title":{"rendered":"Info rundt COVID-19: Ansatte i arbeid"},"content":{"rendered":"\n<p>For \u00e5 unng\u00e5 spekulasjoner \u00f8nsker vi \u00e5 informere om at det, fra i morgen av (onsdag 09.12.20), vil v\u00e6re noen av v\u00e5re ansatte tilbake p\u00e5 jobb i lokalitetene p\u00e5 Melbu Systems.<\/p>\n\n\n\n<p><strong>Det understrekes f\u00f8lgende om disse ansatte:<\/strong><\/p>\n\n\n\n<ul class=\"wp-block-list\"><li>har testet negativt p\u00e5 korona-test<\/li><li>de er ikke er n\u00e6rkontakter av korona-smittede<\/li><li>personene er klarert av smittevernslege i Hadsel kommune, Martin Larsen Drageset<\/li><\/ul>\n\n\n\n<p><strong>IKKE klarerte ansatte<\/strong><\/p>\n\n\n\n<p>Alle v\u00e5re ansatte som pr. i dag <strong>IKKE<\/strong> er klarert er, og vil fortsatt v\u00e6re, i karantene eller isolasjon frem til dette utl\u00f8per. De av v\u00e5re ansatte som dette gjelder f\u00f8lges tett opp av smittevernslegen.<\/p>\n\n\n\n<p><strong>Kunder og bes\u00f8kende<\/strong><\/p>\n\n\n\n<p>Til v\u00e5re kunder og andre bes\u00f8kende: Vi har innf\u00f8rt bes\u00f8ksforbud for de av dere som ikke har gjort avtale p\u00e5 forh\u00e5nd.<\/p>\n\n\n\n<p>Til slutt \u00f8nsker vi \u00e5 takke helse-teamet i Hadsel kommune, med Martin Drageset og Ingebj\u00f8rn Bleidvin i spissen, for deres hjelp og innsats rundt dette utbruddet av COVID-19.<\/p>\n","protected":false},"excerpt":{"rendered":"<p>For \u00e5 unng\u00e5 spekulasjoner \u00f8nsker vi \u00e5 informere om at det, fra i morgen av (onsdag 09.12.20), vil v\u00e6re noen av v\u00e5re ansatte tilbake p\u00e5 jobb i lokalitetene p\u00e5 Melbu Systems. Det understrekes f\u00f8lgende om disse ansatte: har testet negativt p\u00e5 korona-test de er ikke er n\u00e6rkontakter av korona-smittede personene er klarert av smittevernslege i [&#8230;]\n","protected":false},"author":5,"featured_media":3043,"comment_status":"closed","ping_status":"closed","sticky":false,"template":"","format":"standard","meta":{"footnotes":""},"categories":[4],"tags":[],"class_list":["post-3053","post","type-post","status-publish","format-standard","has-post-thumbnail","hentry","category-nyheter"],"_links":{"self":[{"href":"https:\/\/melbusystems.no\/en\/wp-json\/wp\/v2\/posts\/3053","targetHints":{"allow":["GET"]}}],"collection":[{"href":"https:\/\/melbusystems.no\/en\/wp-json\/wp\/v2\/posts"}],"about":[{"href":"https:\/\/melbusystems.no\/en\/wp-json\/wp\/v2\/types\/post"}],"author":[{"embeddable":true,"href":"https:\/\/melbusystems.no\/en\/wp-json\/wp\/v2\/users\/5"}],"replies":[{"embeddable":true,"href":"https:\/\/melbusystems.no\/en\/wp-json\/wp\/v2\/comments?post=3053"}],"version-history":[{"count":0,"href":"https:\/\/melbusystems.no\/en\/wp-json\/wp\/v2\/posts\/3053\/revisions"}],"wp:featuredmedia":[{"embeddable":true,"href":"https:\/\/melbusystems.no\/en\/wp-json\/wp\/v2\/media\/3043"}],"wp:attachment":[{"href":"https:\/\/melbusystems.no\/en\/wp-json\/wp\/v2\/media?parent=3053"}],"wp:term":[{"taxonomy":"category","embeddable":true,"href":"https:\/\/melbusystems.no\/en\/wp-json\/wp\/v2\/categories?post=3053"},{"taxonomy":"post_tag","embeddable":true,"href":"https:\/\/melbusystems.no\/en\/wp-json\/wp\/v2\/tags?post=3053"}],"curies":[{"name":"wp","href":"https:\/\/api.w.org\/{rel}","templated":true}]}}